{"id":1475,"date":"2025-04-24T08:00:00","date_gmt":"2025-04-24T05:00:00","guid":{"rendered":"https:\/\/muovipoli.fi\/?p=1475"},"modified":"2025-04-23T08:10:51","modified_gmt":"2025-04-23T05:10:51","slug":"muovipoli-oyn-toimitusjohtajaksi","status":"publish","type":"post","link":"https:\/\/muovipoli.fi\/en\/2025\/04\/24\/muovipoli-oyn-toimitusjohtajaksi\/","title":{"rendered":"Muovipoli Oy:n toimitusjohtajaksi Pertti Salonen"},"content":{"rendered":"<p>Muoviteollisuuden kehitys- ja asiantuntijayritys Muovipolin uudeksi toimitusjohtajaksi on valittu<strong> Pertti Salonen.<\/strong> H\u00e4n aloittaa teht\u00e4v\u00e4ss\u00e4 kes\u00e4kuussa. Pertill\u00e4 on laaja kokemus liiketoiminnan johtamisesta ja tuotekehityksest\u00e4 muoviteollisuudessa. H\u00e4n on toiminut viimeiset 7 vuotta Serres Oy:n palveluksessa operatiivisena johtajana. T\u00e4t\u00e4 ennen h\u00e4n oli ENGEL Finland Oy:n toimitusjohtajana 5 vuotta ja aiemmin Pertti oli Perloksen palveluksessa Suomen lis\u00e4ksi Unkarissa, Kiinassa ja Japanissa.<\/p>\n\n\n\n<p>Muovipoli on Lahdessa toimiva muovialan TKI-yksikk\u00f6, jonka omistavat yritykset, tutkimuslaitokset ja muut alan toimijat. Muovipoli Oy perustettiin 1998 tukemaan suomalaisen muoviteollisuuden kehityst\u00e4. T\u00e4n\u00e4\u00e4n yritys tekee tiivist\u00e4 yhteisty\u00f6t\u00e4 muovin kest\u00e4v\u00e4n k\u00e4yt\u00f6n ja innovaatioiden edist\u00e4miseksi erilaisissa asiakasprojekteissa sek\u00e4 yhteishankkeissa.<\/p>\n\n\n\n<p>\u201d<em>Olemme eritt\u00e4in iloisia saadessamme Pertti Salosen Muovipolin uudeksi toimitusjohtajaksi. H\u00e4nen laaja kokemuksensa erilaisista teht\u00e4vist\u00e4 muoviteollisuuden yrityskent\u00e4ss\u00e4 tuo Muovipoliin erinomaista osaamista ja n\u00e4kemyst\u00e4, jonka pohjalta Muovipoli pystyy kehitt\u00e4m\u00e4\u00e4n palvelutarjontaansa muoveja k\u00e4ytt\u00e4v\u00e4n teollisuuden tuotekehitys- ja innovaatiotarpeeseen<\/em>\u201d, toteaa Muovipoli Oy:n hallituksen puheenjohtaja <strong>Jukka Rantanen<\/strong>.<\/p>\n\n\n\n<p>Lis\u00e4tiedot: Muovipoli Oy:n hallituksen puheenjohtaja Jukka Rantanen 044 749 9288 ja Pertti Salonen 040 558 8210<\/p>\n\n\n\n<p><\/p>","protected":false},"excerpt":{"rendered":"<p>Muoviteollisuuden kehitys- ja asiantuntijayritys Muovipolin uudeksi toimitusjohtajaksi on valittu Pertti Salonen. H\u00e4n aloittaa teht\u00e4v\u00e4ss\u00e4 kes\u00e4kuussa. Pertill\u00e4 on laaja kokemus liiketoiminnan johtamisesta ja tuotekehityksest\u00e4 muoviteollisuudessa. H\u00e4n on toiminut viimeiset 7 vuotta Serres Oy:n palveluksessa operatiivisena johtajana. T\u00e4t\u00e4 ennen h\u00e4n oli ENGEL Finland Oy:n toimitusjohtajana 5 vuotta ja aiemmin Pertti oli Perloksen palveluksessa Suomen lis\u00e4ksi Unkarissa, Kiinassa &#8230; <a title=\"Muovipoli Oy:n toimitusjohtajaksi Pertti Salonen\" class=\"read-more\" href=\"https:\/\/muovipoli.fi\/en\/2025\/04\/24\/muovipoli-oyn-toimitusjohtajaksi\/\" aria-label=\"Read more about Muovipoli Oy:n toimitusjohtajaksi Pertti Salonen\">Read more<\/a><\/p>","protected":false},"author":5,"featured_media":0,"comment_status":"closed","ping_status":"closed","sticky":false,"template":"","format":"standard","meta":{"footnotes":""},"categories":[25],"tags":[],"class_list":["post-1475","post","type-post","status-publish","format-standard","hentry","category-uutiset"],"yoast_head":"<!-- This site is optimized with the Yoast SEO plugin v27.4 - https:\/\/yoast.com\/product\/yoast-seo-wordpress\/ -->\n<title>Muovipoli Oy:n toimitusjohtajaksi Pertti Salonen - Muovipoli<\/title>\n<meta name=\"robots\" content=\"index, follow, max-snippet:-1, max-image-preview:large, max-video-preview:-1\" \/>\n<link rel=\"canonical\" href=\"https:\/\/muovipoli.fi\/en\/2025\/04\/24\/muovipoli-oyn-toimitusjohtajaksi\/\" \/>\n<meta property=\"og:locale\" content=\"en_GB\" \/>\n<meta property=\"og:type\" content=\"article\" \/>\n<meta property=\"og:title\" content=\"Muovipoli Oy:n toimitusjohtajaksi Pertti Salonen - Muovipoli\" \/>\n<meta property=\"og:description\" content=\"Muoviteollisuuden kehitys- ja asiantuntijayritys Muovipolin uudeksi toimitusjohtajaksi on valittu Pertti Salonen. H\u00e4n aloittaa teht\u00e4v\u00e4ss\u00e4 kes\u00e4kuussa. Pertill\u00e4 on laaja kokemus liiketoiminnan johtamisesta ja tuotekehityksest\u00e4 muoviteollisuudessa. H\u00e4n on toiminut viimeiset 7 vuotta Serres Oy:n palveluksessa operatiivisena johtajana. T\u00e4t\u00e4 ennen h\u00e4n oli ENGEL Finland Oy:n toimitusjohtajana 5 vuotta ja aiemmin Pertti oli Perloksen palveluksessa Suomen lis\u00e4ksi Unkarissa, Kiinassa ... Read more\" \/>\n<meta property=\"og:url\" content=\"https:\/\/muovipoli.fi\/en\/2025\/04\/24\/muovipoli-oyn-toimitusjohtajaksi\/\" \/>\n<meta property=\"og:site_name\" content=\"Muovipoli\" \/>\n<meta property=\"article:published_time\" content=\"2025-04-24T05:00:00+00:00\" \/>\n<meta name=\"author\" content=\"jenni.syvanne@muovipoli.fi\" \/>\n<meta name=\"twitter:card\" content=\"summary_large_image\" \/>\n<meta name=\"twitter:label1\" content=\"Written by\" \/>\n\t<meta name=\"twitter:data1\" content=\"jenni.syvanne@muovipoli.fi\" \/>\n\t<meta name=\"twitter:label2\" content=\"Estimated reading time\" \/>\n\t<meta name=\"twitter:data2\" content=\"1 minute\" \/>\n<script type=\"application\/ld+json\" class=\"yoast-schema-graph\">{\"@context\":\"https:\\\/\\\/schema.org\",\"@graph\":[{\"@type\":\"Article\",\"@id\":\"https:\\\/\\\/muovipoli.fi\\\/2025\\\/04\\\/24\\\/muovipoli-oyn-toimitusjohtajaksi\\\/#article\",\"isPartOf\":{\"@id\":\"https:\\\/\\\/muovipoli.fi\\\/2025\\\/04\\\/24\\\/muovipoli-oyn-toimitusjohtajaksi\\\/\"},\"author\":{\"name\":\"jenni.syvanne@muovipoli.fi\",\"@id\":\"https:\\\/\\\/muovipoli.fi\\\/#\\\/schema\\\/person\\\/0ae43f6c975cd400ca9729897338ac49\"},\"headline\":\"Muovipoli Oy:n toimitusjohtajaksi Pertti Salonen\",\"datePublished\":\"2025-04-24T05:00:00+00:00\",\"mainEntityOfPage\":{\"@id\":\"https:\\\/\\\/muovipoli.fi\\\/2025\\\/04\\\/24\\\/muovipoli-oyn-toimitusjohtajaksi\\\/\"},\"wordCount\":179,\"publisher\":{\"@id\":\"https:\\\/\\\/muovipoli.fi\\\/#organization\"},\"articleSection\":[\"Ajankohtaista\"],\"inLanguage\":\"en-GB\"},{\"@type\":\"WebPage\",\"@id\":\"https:\\\/\\\/muovipoli.fi\\\/2025\\\/04\\\/24\\\/muovipoli-oyn-toimitusjohtajaksi\\\/\",\"url\":\"https:\\\/\\\/muovipoli.fi\\\/2025\\\/04\\\/24\\\/muovipoli-oyn-toimitusjohtajaksi\\\/\",\"name\":\"Muovipoli Oy:n toimitusjohtajaksi Pertti Salonen - Muovipoli\",\"isPartOf\":{\"@id\":\"https:\\\/\\\/muovipoli.fi\\\/#website\"},\"datePublished\":\"2025-04-24T05:00:00+00:00\",\"breadcrumb\":{\"@id\":\"https:\\\/\\\/muovipoli.fi\\\/2025\\\/04\\\/24\\\/muovipoli-oyn-toimitusjohtajaksi\\\/#breadcrumb\"},\"inLanguage\":\"en-GB\",\"potentialAction\":[{\"@type\":\"ReadAction\",\"target\":[\"https:\\\/\\\/muovipoli.fi\\\/2025\\\/04\\\/24\\\/muovipoli-oyn-toimitusjohtajaksi\\\/\"]}]},{\"@type\":\"BreadcrumbList\",\"@id\":\"https:\\\/\\\/muovipoli.fi\\\/2025\\\/04\\\/24\\\/muovipoli-oyn-toimitusjohtajaksi\\\/#breadcrumb\",\"itemListElement\":[{\"@type\":\"ListItem\",\"position\":1,\"name\":\"Home\",\"item\":\"https:\\\/\\\/muovipoli.fi\\\/\"},{\"@type\":\"ListItem\",\"position\":2,\"name\":\"Muovipoli Oy:n toimitusjohtajaksi Pertti Salonen\"}]},{\"@type\":\"WebSite\",\"@id\":\"https:\\\/\\\/muovipoli.fi\\\/#website\",\"url\":\"https:\\\/\\\/muovipoli.fi\\\/\",\"name\":\"Muovipoli\",\"description\":\"Huomisen innovaatioita muoveja k\u00e4ytt\u00e4v\u00e4lle teollisuudelle\",\"publisher\":{\"@id\":\"https:\\\/\\\/muovipoli.fi\\\/#organization\"},\"potentialAction\":[{\"@type\":\"SearchAction\",\"target\":{\"@type\":\"EntryPoint\",\"urlTemplate\":\"https:\\\/\\\/muovipoli.fi\\\/?s={search_term_string}\"},\"query-input\":{\"@type\":\"PropertyValueSpecification\",\"valueRequired\":true,\"valueName\":\"search_term_string\"}}],\"inLanguage\":\"en-GB\"},{\"@type\":\"Organization\",\"@id\":\"https:\\\/\\\/muovipoli.fi\\\/#organization\",\"name\":\"Muovipoli\",\"url\":\"https:\\\/\\\/muovipoli.fi\\\/\",\"logo\":{\"@type\":\"ImageObject\",\"inLanguage\":\"en-GB\",\"@id\":\"https:\\\/\\\/muovipoli.fi\\\/#\\\/schema\\\/logo\\\/image\\\/\",\"url\":\"https:\\\/\\\/muovipoli.fi\\\/wp-content\\\/uploads\\\/2024\\\/10\\\/muovipoli_logo.png?wsr\",\"contentUrl\":\"https:\\\/\\\/muovipoli.fi\\\/wp-content\\\/uploads\\\/2024\\\/10\\\/muovipoli_logo.png?wsr\",\"width\":540,\"height\":91,\"caption\":\"Muovipoli\"},\"image\":{\"@id\":\"https:\\\/\\\/muovipoli.fi\\\/#\\\/schema\\\/logo\\\/image\\\/\"}},{\"@type\":\"Person\",\"@id\":\"https:\\\/\\\/muovipoli.fi\\\/#\\\/schema\\\/person\\\/0ae43f6c975cd400ca9729897338ac49\",\"name\":\"jenni.syvanne@muovipoli.fi\",\"image\":{\"@type\":\"ImageObject\",\"inLanguage\":\"en-GB\",\"@id\":\"https:\\\/\\\/secure.gravatar.com\\\/avatar\\\/25eca835aec5d78f973a47b6d8429c713072a4dc669074787181940b88435d4f?s=96&d=mm&r=g\",\"url\":\"https:\\\/\\\/secure.gravatar.com\\\/avatar\\\/25eca835aec5d78f973a47b6d8429c713072a4dc669074787181940b88435d4f?s=96&d=mm&r=g\",\"contentUrl\":\"https:\\\/\\\/secure.gravatar.com\\\/avatar\\\/25eca835aec5d78f973a47b6d8429c713072a4dc669074787181940b88435d4f?s=96&d=mm&r=g\",\"caption\":\"jenni.syvanne@muovipoli.fi\"},\"url\":\"https:\\\/\\\/muovipoli.fi\\\/en\\\/author\\\/jenni-syvannemuovipoli-fi\\\/\"}]}<\/script>\n<!-- \/ Yoast SEO plugin. -->","yoast_head_json":{"title":"Muovipoli Oy:n toimitusjohtajaksi Pertti Salonen - Muovipoli","robots":{"index":"index","follow":"follow","max-snippet":"max-snippet:-1","max-image-preview":"max-image-preview:large","max-video-preview":"max-video-preview:-1"},"canonical":"https:\/\/muovipoli.fi\/en\/2025\/04\/24\/muovipoli-oyn-toimitusjohtajaksi\/","og_locale":"en_GB","og_type":"article","og_title":"Muovipoli Oy:n toimitusjohtajaksi Pertti Salonen - Muovipoli","og_description":"Muoviteollisuuden kehitys- ja asiantuntijayritys Muovipolin uudeksi toimitusjohtajaksi on valittu Pertti Salonen. H\u00e4n aloittaa teht\u00e4v\u00e4ss\u00e4 kes\u00e4kuussa. Pertill\u00e4 on laaja kokemus liiketoiminnan johtamisesta ja tuotekehityksest\u00e4 muoviteollisuudessa. H\u00e4n on toiminut viimeiset 7 vuotta Serres Oy:n palveluksessa operatiivisena johtajana. T\u00e4t\u00e4 ennen h\u00e4n oli ENGEL Finland Oy:n toimitusjohtajana 5 vuotta ja aiemmin Pertti oli Perloksen palveluksessa Suomen lis\u00e4ksi Unkarissa, Kiinassa ... Read more","og_url":"https:\/\/muovipoli.fi\/en\/2025\/04\/24\/muovipoli-oyn-toimitusjohtajaksi\/","og_site_name":"Muovipoli","article_published_time":"2025-04-24T05:00:00+00:00","author":"jenni.syvanne@muovipoli.fi","twitter_card":"summary_large_image","twitter_misc":{"Written by":"jenni.syvanne@muovipoli.fi","Estimated reading time":"1 minute"},"schema":{"@context":"https:\/\/schema.org","@graph":[{"@type":"Article","@id":"https:\/\/muovipoli.fi\/2025\/04\/24\/muovipoli-oyn-toimitusjohtajaksi\/#article","isPartOf":{"@id":"https:\/\/muovipoli.fi\/2025\/04\/24\/muovipoli-oyn-toimitusjohtajaksi\/"},"author":{"name":"jenni.syvanne@muovipoli.fi","@id":"https:\/\/muovipoli.fi\/#\/schema\/person\/0ae43f6c975cd400ca9729897338ac49"},"headline":"Muovipoli Oy:n toimitusjohtajaksi Pertti Salonen","datePublished":"2025-04-24T05:00:00+00:00","mainEntityOfPage":{"@id":"https:\/\/muovipoli.fi\/2025\/04\/24\/muovipoli-oyn-toimitusjohtajaksi\/"},"wordCount":179,"publisher":{"@id":"https:\/\/muovipoli.fi\/#organization"},"articleSection":["Ajankohtaista"],"inLanguage":"en-GB"},{"@type":"WebPage","@id":"https:\/\/muovipoli.fi\/2025\/04\/24\/muovipoli-oyn-toimitusjohtajaksi\/","url":"https:\/\/muovipoli.fi\/2025\/04\/24\/muovipoli-oyn-toimitusjohtajaksi\/","name":"Muovipoli Oy:n toimitusjohtajaksi Pertti Salonen - Muovipoli","isPartOf":{"@id":"https:\/\/muovipoli.fi\/#website"},"datePublished":"2025-04-24T05:00:00+00:00","breadcrumb":{"@id":"https:\/\/muovipoli.fi\/2025\/04\/24\/muovipoli-oyn-toimitusjohtajaksi\/#breadcrumb"},"inLanguage":"en-GB","potentialAction":[{"@type":"ReadAction","target":["https:\/\/muovipoli.fi\/2025\/04\/24\/muovipoli-oyn-toimitusjohtajaksi\/"]}]},{"@type":"BreadcrumbList","@id":"https:\/\/muovipoli.fi\/2025\/04\/24\/muovipoli-oyn-toimitusjohtajaksi\/#breadcrumb","itemListElement":[{"@type":"ListItem","position":1,"name":"Home","item":"https:\/\/muovipoli.fi\/"},{"@type":"ListItem","position":2,"name":"Muovipoli Oy:n toimitusjohtajaksi Pertti Salonen"}]},{"@type":"WebSite","@id":"https:\/\/muovipoli.fi\/#website","url":"https:\/\/muovipoli.fi\/","name":"Muovipoli","description":"Huomisen innovaatioita muoveja k\u00e4ytt\u00e4v\u00e4lle teollisuudelle","publisher":{"@id":"https:\/\/muovipoli.fi\/#organization"},"potentialAction":[{"@type":"SearchAction","target":{"@type":"EntryPoint","urlTemplate":"https:\/\/muovipoli.fi\/?s={search_term_string}"},"query-input":{"@type":"PropertyValueSpecification","valueRequired":true,"valueName":"search_term_string"}}],"inLanguage":"en-GB"},{"@type":"Organization","@id":"https:\/\/muovipoli.fi\/#organization","name":"Muovipoli","url":"https:\/\/muovipoli.fi\/","logo":{"@type":"ImageObject","inLanguage":"en-GB","@id":"https:\/\/muovipoli.fi\/#\/schema\/logo\/image\/","url":"https:\/\/muovipoli.fi\/wp-content\/uploads\/2024\/10\/muovipoli_logo.png?wsr","contentUrl":"https:\/\/muovipoli.fi\/wp-content\/uploads\/2024\/10\/muovipoli_logo.png?wsr","width":540,"height":91,"caption":"Muovipoli"},"image":{"@id":"https:\/\/muovipoli.fi\/#\/schema\/logo\/image\/"}},{"@type":"Person","@id":"https:\/\/muovipoli.fi\/#\/schema\/person\/0ae43f6c975cd400ca9729897338ac49","name":"jenni.syvanne@muovipoli.fi","image":{"@type":"ImageObject","inLanguage":"en-GB","@id":"https:\/\/secure.gravatar.com\/avatar\/25eca835aec5d78f973a47b6d8429c713072a4dc669074787181940b88435d4f?s=96&d=mm&r=g","url":"https:\/\/secure.gravatar.com\/avatar\/25eca835aec5d78f973a47b6d8429c713072a4dc669074787181940b88435d4f?s=96&d=mm&r=g","contentUrl":"https:\/\/secure.gravatar.com\/avatar\/25eca835aec5d78f973a47b6d8429c713072a4dc669074787181940b88435d4f?s=96&d=mm&r=g","caption":"jenni.syvanne@muovipoli.fi"},"url":"https:\/\/muovipoli.fi\/en\/author\/jenni-syvannemuovipoli-fi\/"}]}},"_links":{"self":[{"href":"https:\/\/muovipoli.fi\/en\/wp-json\/wp\/v2\/posts\/1475","targetHints":{"allow":["GET"]}}],"collection":[{"href":"https:\/\/muovipoli.fi\/en\/wp-json\/wp\/v2\/posts"}],"about":[{"href":"https:\/\/muovipoli.fi\/en\/wp-json\/wp\/v2\/types\/post"}],"author":[{"embeddable":true,"href":"https:\/\/muovipoli.fi\/en\/wp-json\/wp\/v2\/users\/5"}],"replies":[{"embeddable":true,"href":"https:\/\/muovipoli.fi\/en\/wp-json\/wp\/v2\/comments?post=1475"}],"version-history":[{"count":3,"href":"https:\/\/muovipoli.fi\/en\/wp-json\/wp\/v2\/posts\/1475\/revisions"}],"predecessor-version":[{"id":1483,"href":"https:\/\/muovipoli.fi\/en\/wp-json\/wp\/v2\/posts\/1475\/revisions\/1483"}],"wp:attachment":[{"href":"https:\/\/muovipoli.fi\/en\/wp-json\/wp\/v2\/media?parent=1475"}],"wp:term":[{"taxonomy":"category","embeddable":true,"href":"https:\/\/muovipoli.fi\/en\/wp-json\/wp\/v2\/categories?post=1475"},{"taxonomy":"post_tag","embeddable":true,"href":"https:\/\/muovipoli.fi\/en\/wp-json\/wp\/v2\/tags?post=1475"}],"curies":[{"name":"wp","href":"https:\/\/api.w.org\/{rel}","templated":true}]}}